{"id":881,"date":"2015-03-30T10:05:51","date_gmt":"2015-03-30T10:05:51","guid":{"rendered":"https:\/\/hotelespel.iptresd.com\/2015\/03\/30\/ce-mois-de-juillet-scalada-by-cirque-du-soleil-revient-en-andorre\/"},"modified":"2024-08-26T15:41:02","modified_gmt":"2024-08-26T15:41:02","slug":"cirque-du-soleil-2015-fr","status":"publish","type":"post","link":"https:\/\/www.hotelespel.com\/fr\/blog\/cirque-du-soleil-2015-fr\/","title":{"rendered":"Ce mois de juillet, Scalada by Cirque du Soleil revient en Andorre!"},"content":{"rendered":"\n<p>Nous disposerons de packs avec le nouveau spectacle et, si vous souhaitez completer votre s\u00e9jour, des entr\u00e9es pour Cald\u00e9a aussi.<\/p>\n\n<p>Pour plus d\u2019information, contactez-nous par courriel ou appelez directement!<\/p>\n\n<figure class=\"wp-block-image size-full\"><img fetchpriority=\"high\" decoding=\"async\" width=\"1024\" height=\"723\" src=\"https:\/\/hotelespel.com\/wp-content\/uploads\/2024\/07\/SCALADA-2015-1024x723-1.jpg\" alt=\"\" class=\"wp-image-443\" srcset=\"https:\/\/www.hotelespel.com\/wp-content\/uploads\/2024\/07\/SCALADA-2015-1024x723-1.jpg 1024w, https:\/\/www.hotelespel.com\/wp-content\/uploads\/2024\/07\/SCALADA-2015-1024x723-1-300x212.jpg 300w, https:\/\/www.hotelespel.com\/wp-content\/uploads\/2024\/07\/SCALADA-2015-1024x723-1-768x542.jpg 768w\" sizes=\"(max-width: 1024px) 100vw, 1024px\" \/><\/figure>\n","protected":false},"excerpt":{"rendered":"<p>Nous disposerons de packs avec le nouveau spectacle et, si vous souhaitez completer votre s\u00e9jour, des entr\u00e9es pour Cald\u00e9a aussi. Pour plus d\u2019information, contactez-nous par courriel ou appelez directement!<\/p>\n","protected":false},"author":1,"featured_media":690,"comment_status":"closed","ping_status":"closed","sticky":false,"template":"","format":"standard","meta":{"footnotes":""},"categories":[58],"tags":[],"class_list":["post-881","post","type-post","status-publish","format-standard","has-post-thumbnail","hentry","category-atracciones-fr"],"_links":{"self":[{"href":"https:\/\/www.hotelespel.com\/fr\/wp-json\/wp\/v2\/posts\/881","targetHints":{"allow":["GET"]}}],"collection":[{"href":"https:\/\/www.hotelespel.com\/fr\/wp-json\/wp\/v2\/posts"}],"about":[{"href":"https:\/\/www.hotelespel.com\/fr\/wp-json\/wp\/v2\/types\/post"}],"author":[{"embeddable":true,"href":"https:\/\/www.hotelespel.com\/fr\/wp-json\/wp\/v2\/users\/1"}],"replies":[{"embeddable":true,"href":"https:\/\/www.hotelespel.com\/fr\/wp-json\/wp\/v2\/comments?post=881"}],"version-history":[{"count":0,"href":"https:\/\/www.hotelespel.com\/fr\/wp-json\/wp\/v2\/posts\/881\/revisions"}],"wp:featuredmedia":[{"embeddable":true,"href":"https:\/\/www.hotelespel.com\/fr\/wp-json\/wp\/v2\/media\/690"}],"wp:attachment":[{"href":"https:\/\/www.hotelespel.com\/fr\/wp-json\/wp\/v2\/media?parent=881"}],"wp:term":[{"taxonomy":"category","embeddable":true,"href":"https:\/\/www.hotelespel.com\/fr\/wp-json\/wp\/v2\/categories?post=881"},{"taxonomy":"post_tag","embeddable":true,"href":"https:\/\/www.hotelespel.com\/fr\/wp-json\/wp\/v2\/tags?post=881"}],"curies":[{"name":"wp","href":"https:\/\/api.w.org\/{rel}","templated":true}]}}