{"id":825,"date":"2015-03-30T10:05:51","date_gmt":"2015-03-30T10:05:51","guid":{"rendered":"https:\/\/hotelespel.iptresd.com\/2015\/03\/30\/aquest-juliol-torna-scalada-by-cirque-du-soleil-a-andorra\/"},"modified":"2024-08-26T15:38:22","modified_gmt":"2024-08-26T15:38:22","slug":"cirque-du-soleil-2015","status":"publish","type":"post","link":"https:\/\/www.hotelespel.com\/ca\/blog\/cirque-du-soleil-2015\/","title":{"rendered":"Aquest juliol torna Scalada by Cirque du Soleil a Andorra!"},"content":{"rendered":"\n<p>Nosaltres disposarem de paquets amb entrades pel nou espectacle i, si desitja una estada completa, entrades a Caldea tamb\u00e9.<\/p>\n\n<p>Per m\u00e9s informaci\u00f3 envia\u2019ns un correu o truca\u2019ns!<\/p>\n\n<figure class=\"wp-block-image size-full\"><img fetchpriority=\"high\" decoding=\"async\" width=\"1024\" height=\"723\" src=\"https:\/\/hotelespel.com\/wp-content\/uploads\/2024\/07\/SCALADA-2015-1024x723-1.jpg\" alt=\"\" class=\"wp-image-443\" srcset=\"https:\/\/www.hotelespel.com\/wp-content\/uploads\/2024\/07\/SCALADA-2015-1024x723-1.jpg 1024w, https:\/\/www.hotelespel.com\/wp-content\/uploads\/2024\/07\/SCALADA-2015-1024x723-1-300x212.jpg 300w, https:\/\/www.hotelespel.com\/wp-content\/uploads\/2024\/07\/SCALADA-2015-1024x723-1-768x542.jpg 768w\" sizes=\"(max-width: 1024px) 100vw, 1024px\" \/><\/figure>\n","protected":false},"excerpt":{"rendered":"<p>Nosaltres disposarem de paquets amb entrades pel nou espectacle i, si desitja una estada completa, entrades a Caldea tamb\u00e9. Per m\u00e9s informaci\u00f3 envia\u2019ns un correu o truca\u2019ns!<\/p>\n","protected":false},"author":1,"featured_media":688,"comment_status":"closed","ping_status":"closed","sticky":false,"template":"","format":"standard","meta":{"footnotes":""},"categories":[34],"tags":[],"class_list":["post-825","post","type-post","status-publish","format-standard","has-post-thumbnail","hentry","category-atracciones-ca"],"_links":{"self":[{"href":"https:\/\/www.hotelespel.com\/ca\/wp-json\/wp\/v2\/posts\/825","targetHints":{"allow":["GET"]}}],"collection":[{"href":"https:\/\/www.hotelespel.com\/ca\/wp-json\/wp\/v2\/posts"}],"about":[{"href":"https:\/\/www.hotelespel.com\/ca\/wp-json\/wp\/v2\/types\/post"}],"author":[{"embeddable":true,"href":"https:\/\/www.hotelespel.com\/ca\/wp-json\/wp\/v2\/users\/1"}],"replies":[{"embeddable":true,"href":"https:\/\/www.hotelespel.com\/ca\/wp-json\/wp\/v2\/comments?post=825"}],"version-history":[{"count":0,"href":"https:\/\/www.hotelespel.com\/ca\/wp-json\/wp\/v2\/posts\/825\/revisions"}],"wp:featuredmedia":[{"embeddable":true,"href":"https:\/\/www.hotelespel.com\/ca\/wp-json\/wp\/v2\/media\/688"}],"wp:attachment":[{"href":"https:\/\/www.hotelespel.com\/ca\/wp-json\/wp\/v2\/media?parent=825"}],"wp:term":[{"taxonomy":"category","embeddable":true,"href":"https:\/\/www.hotelespel.com\/ca\/wp-json\/wp\/v2\/categories?post=825"},{"taxonomy":"post_tag","embeddable":true,"href":"https:\/\/www.hotelespel.com\/ca\/wp-json\/wp\/v2\/tags?post=825"}],"curies":[{"name":"wp","href":"https:\/\/api.w.org\/{rel}","templated":true}]}}